{"id":20473,"date":"2024-12-17T18:00:46","date_gmt":"2024-12-17T17:00:46","guid":{"rendered":"https:\/\/mazzoleniart.com\/?p=20473"},"modified":"2025-01-22T17:53:48","modified_gmt":"2025-01-22T16:53:48","slug":"marinella-senatore-per-il-giubileo-2025","status":"publish","type":"post","link":"https:\/\/staging-j.mazzoleniart.com\/it\/marinella-senatore-per-il-giubileo-2025\/","title":{"rendered":"Marinella Senatore per  il Giubileo 2025"},"content":{"rendered":"<p><strong>In occasione delle celebrazioni del Giubileo 2025<\/strong>, <strong>Marinella Senatore<\/strong> presenta il progetto <em>\u2018Io Contengo Moltitudini\u2019<\/em>, una imponente installazione luminosa alta 6 metri, realizzata in collaborazione con la comunit\u00e0 del carcere di Rebibbia.<\/p>\n<p>L&#8217;opera \u00e8 stata inaugurata da Papa Francesco il 26 dicembre, in concomitanza con l&#8217;apertura della Porta Santa della Chiesa del \u201cPadre Nostro\u201d nel carcere di Rebibbia, una cerimonia scelta dal Papa come parte dell\u2019inizio delle celebrazioni giubilari. Questo progetto, curato da Cristiana Perrella e presentato dal Dicastero per la Cultura e l\u2019Educazione, prosegue l\u2019iniziativa del Padiglione della Santa Sede alla Biennale di Venezia di quest\u2019anno, incentrata sul tema dei diritti umani e delle comunit\u00e0 marginalizzate.<\/p>\n<p>Come prosecuzione del progetto, Marinella Senatore ha inoltre disegnato il biglietto ufficiale di auguri natalizi di quest\u2019anno per il Dicastero per la Cultura e l\u2019Educazione della Santa Sede.<\/p>\n<p>Marinella Senatore afferma:<br \/>\n<em>\u201c\u00c8 stato un onore essere invitata a disegnare il biglietto di auguri natalizi di quest\u2019anno dal Dicastero per la Cultura e l\u2019Educazione del Vaticano. Questo invito \u00e8 una continuazione del mio impegno con la comunit\u00e0 di Rebibbia attraverso il progetto \u2018Io Contengo Moltitudini\u2019. Il design del biglietto natalizio porta avanti il tema dell\u2019unit\u00e0 e della crescita collettiva. Esprime lo spirito di supporto reciproco e responsabilit\u00e0 condivisa, fondamentali per la costruzione della comunit\u00e0, risuonando profondamente con i valori sostenuti dal Vaticano durante questo Giubileo. L\u2019opera racchiude lo spirito di unit\u00e0 e rinnovamento, celebrando il messaggio di comunione della stagione natalizia.\u201d<\/em><\/p>\n","protected":false},"excerpt":{"rendered":"<p>In occasione delle celebrazioni del Giubileo 2025, Marinella Senatore presenta il progetto \u2018Io Contengo Moltitudini\u2019, una imponente installazione luminosa alta 6 metri, realizzata in collaborazione con la comunit\u00e0 del carcere di Rebibbia. L&#8217;opera \u00e8 stata inaugurata da Papa Francesco il 26 dicembre, in concomitanza con l&#8217;apertura della Porta Santa della Chiesa del \u201cPadre Nostro\u201d nel [&hellip;]<\/p>\n","protected":false},"author":6,"featured_media":0,"comment_status":"closed","ping_status":"closed","sticky":false,"template":"","format":"standard","meta":{"_acf_changed":false,"footnotes":""},"categories":[157],"tags":[],"class_list":["post-20473","post","type-post","status-publish","format-standard","hentry","category-news-it"],"acf":[],"_links":{"self":[{"href":"https:\/\/staging-j.mazzoleniart.com\/it\/wp-json\/wp\/v2\/posts\/20473","targetHints":{"allow":["GET"]}}],"collection":[{"href":"https:\/\/staging-j.mazzoleniart.com\/it\/wp-json\/wp\/v2\/posts"}],"about":[{"href":"https:\/\/staging-j.mazzoleniart.com\/it\/wp-json\/wp\/v2\/types\/post"}],"author":[{"embeddable":true,"href":"https:\/\/staging-j.mazzoleniart.com\/it\/wp-json\/wp\/v2\/users\/6"}],"replies":[{"embeddable":true,"href":"https:\/\/staging-j.mazzoleniart.com\/it\/wp-json\/wp\/v2\/comments?post=20473"}],"version-history":[{"count":2,"href":"https:\/\/staging-j.mazzoleniart.com\/it\/wp-json\/wp\/v2\/posts\/20473\/revisions"}],"predecessor-version":[{"id":20578,"href":"https:\/\/staging-j.mazzoleniart.com\/it\/wp-json\/wp\/v2\/posts\/20473\/revisions\/20578"}],"wp:attachment":[{"href":"https:\/\/staging-j.mazzoleniart.com\/it\/wp-json\/wp\/v2\/media?parent=20473"}],"wp:term":[{"taxonomy":"category","embeddable":true,"href":"https:\/\/staging-j.mazzoleniart.com\/it\/wp-json\/wp\/v2\/categories?post=20473"},{"taxonomy":"post_tag","embeddable":true,"href":"https:\/\/staging-j.mazzoleniart.com\/it\/wp-json\/wp\/v2\/tags?post=20473"}],"curies":[{"name":"wp","href":"https:\/\/api.w.org\/{rel}","templated":true}]}}